{"id":1254,"date":"2023-06-07T07:48:28","date_gmt":"2023-06-07T05:48:28","guid":{"rendered":"https:\/\/advokatskafirmasajic.com\/blog\/?p=1254"},"modified":"2023-06-07T07:48:29","modified_gmt":"2023-06-07T05:48:29","slug":"u-republici-srpskoj-ukinuta-vanredna-situacija","status":"publish","type":"post","link":"https:\/\/advokatskafirmasajic.com\/blog\/bs\/u-republici-srpskoj-ukinuta-vanredna-situacija\/","title":{"rendered":"U Republici Srpskoj ukinuta vanredna situacija"},"content":{"rendered":"\n<p>Na prijedlog Republi\u010dkog \u0161taba za vanredne situacije, Vlada Republike Srpske je na sjednici odr\u017eanoj dana 18.05.2023. godine donijela Odluku o prestanku va\u017eenja Odluke o progla\u0161enju vanredne situacije za teritoriju Republike Srpske. Odluka o prestanku va\u017eenja Odluke o progla\u0161enju vanredne situacije objavljena je u Slu\u017ebenom glasniku Republike Srpske broj 46 od 19.05.2023. godine.<\/p>\n\n\n\n<p>Ranijom Odlukom iz marta 2020. godine bila je progla\u0161ena vanredna situacija za teritoriju Republike Srpske zbog epidemiolo\u0161ke situacije u Republici Srpskoj usljed korona virusa. Odluka je bila rezultat reakcije nadle\u017enih organa na pojavu novog virusa korona i pandemiju bolesti koju je virus SARS-CoV-2 uzrokovao. U toku pandemije Republi\u010dki \u0161tab za vanredne situacije je, kao posebno obrazovano tijelo, imao odre\u0111ene nadle\u017enosti koje prestankom vanredne situacije u Republici Srpskoj gubi. Pod komandu Republi\u010dkog \u0161taba za vanredne situacije bile su stavljene snage za za\u0161titu i spasavanje iz \u010dlana 8. Zakona o za\u0161titi i spasavanju u vanrednim situacijama Republike Srpske, izuzev nadle\u017enih organizacionih jedinica Ministarstva, koje su djelovale u koordinaciji sa Republi\u010dkim \u0161tabom za vanredne situacije. Tu se, prije svega, mislilo na \u0161tabove za vanredne situacije, jedinice i timove civilne za\u0161tite koje formiraju organi jedinice lokalne samouprave, privredna dru\u0161tva i druga pravna lica, jedinice, timove i ekipe Crvenog krsta Republike Srpske, jedinice i timove koje formiraju udru\u017eenja gra\u0111ana i druge nevladine organizacije, povjerenike za\u0161tite i spasavanja, profesionalne i hitne slu\u017ebe i druge organizacije, a u krajnjoj liniji i na same gra\u0111ane.<\/p>\n\n\n\n<p>Prestankom va\u017eenja Odluke o progla\u0161enju vanredne situacije za teritoriju Republike Srpske dio snaga za za\u0161titu i spasavanja koji u me\u0111uvremeni nije rasformiran, \u0107e prestati da egzistira, dok \u0107e drugi dio nastaviti da izvr\u0161ava poslove i aktivnosti koji su im povjereni u skladu sa propisima i pravnim aktima kojima se reguli\u0161e njihovo djelovanje u uslovima koji se ne karakteri\u0161u kao vanredna situacija.<\/p>\n\n\n\n<p>Autor teksta: Igor Letica<\/p>\n\n\n\n<p>E-mail: igor@afsajic.com<\/p>\n","protected":false},"excerpt":{"rendered":"<p>Na prijedlog Republi\u010dkog \u0161taba za vanredne situacije, Vlada Republike Srpske je na sjednici odr\u017eanoj dana 18.05.2023. godine donijela Odluku o prestanku va\u017eenja Odluke o&#8230;<\/p>\n","protected":false},"author":1,"featured_media":0,"comment_status":"closed","ping_status":"closed","sticky":false,"template":"","format":"standard","meta":{"footnotes":""},"categories":[73,113],"tags":[],"class_list":["post-1254","post","type-post","status-publish","format-standard","hentry","category-clanaci","category-novosti"],"_links":{"self":[{"href":"https:\/\/advokatskafirmasajic.com\/blog\/wp-json\/wp\/v2\/posts\/1254","targetHints":{"allow":["GET"]}}],"collection":[{"href":"https:\/\/advokatskafirmasajic.com\/blog\/wp-json\/wp\/v2\/posts"}],"about":[{"href":"https:\/\/advokatskafirmasajic.com\/blog\/wp-json\/wp\/v2\/types\/post"}],"author":[{"embeddable":true,"href":"https:\/\/advokatskafirmasajic.com\/blog\/wp-json\/wp\/v2\/users\/1"}],"replies":[{"embeddable":true,"href":"https:\/\/advokatskafirmasajic.com\/blog\/wp-json\/wp\/v2\/comments?post=1254"}],"version-history":[{"count":1,"href":"https:\/\/advokatskafirmasajic.com\/blog\/wp-json\/wp\/v2\/posts\/1254\/revisions"}],"predecessor-version":[{"id":1255,"href":"https:\/\/advokatskafirmasajic.com\/blog\/wp-json\/wp\/v2\/posts\/1254\/revisions\/1255"}],"wp:attachment":[{"href":"https:\/\/advokatskafirmasajic.com\/blog\/wp-json\/wp\/v2\/media?parent=1254"}],"wp:term":[{"taxonomy":"category","embeddable":true,"href":"https:\/\/advokatskafirmasajic.com\/blog\/wp-json\/wp\/v2\/categories?post=1254"},{"taxonomy":"post_tag","embeddable":true,"href":"https:\/\/advokatskafirmasajic.com\/blog\/wp-json\/wp\/v2\/tags?post=1254"}],"curies":[{"name":"wp","href":"https:\/\/api.w.org\/{rel}","templated":true}]}}