{"id":1414,"date":"2024-05-16T10:46:35","date_gmt":"2024-05-16T08:46:35","guid":{"rendered":"https:\/\/advokatskafirmasajic.com\/blog\/?p=1414"},"modified":"2024-05-16T10:46:36","modified_gmt":"2024-05-16T08:46:36","slug":"zakon-o-imunitetu-republike-srpske","status":"publish","type":"post","link":"https:\/\/advokatskafirmasajic.com\/blog\/bs\/zakon-o-imunitetu-republike-srpske\/","title":{"rendered":"Zakon o imunitetu Republike Srpske"},"content":{"rendered":"\n<p>U \u201cSlu\u017ebenom glasniku RS\u201d broj 39 od 30. aprila 2024. godine objavljen je Zakon o imunitetu Republike Srpske.<\/p>\n\n\n\n<p>Ovaj zakon donesen je s ciljem za\u0161tite integriteta zakonodavnih i izvr\u0161nih institucija Republike Srpske, putem utvr\u0111ivanja procedure pozivanja na imunitet od krivi\u010dne i gra\u0111anske odgovornosti.<\/p>\n\n\n\n<p>Zakonom se propisuju lica koja imaju pravo da se pozovu na imunitet u odbrani u krivi\u010dnom i parni\u010dnom postupku, kao i posebna pravila krivi\u010dnog i parni\u010dnog postupka koja su obavezuju\u0107a za javna tu\u017eila\u0161tva, sudove, kao I druge u\u010desnike krivi\u010dnog I parni\u010dnog postupka.<\/p>\n\n\n\n<p>Lica kojima se ovim zakonom daje imunitet su poslanici u Narodnoj skup\u0161tini Republike Srpske,&nbsp; delegati u Vije\u0107u Naroda Republike Srpske, predsjesnik i potpredsjednici Republike Srpske i \u010dlanovi Vlade Republike Srpske, koji ne mogu biti krivi\u010dno ili gra\u0111anski odgovorni za izra\u017eeno mi\u0161ljenje, davanje glasa ili bilo koji drugi postupak izvr\u0161en u okviru njihovih du\u017enosti u Narodnoj skup\u0161tini i Vije\u0107u naroda, za vrijeme trajanja mandata i nakon prestanka mandata.<\/p>\n\n\n\n<p>Pod podstupcima izvr\u0161enim u okviru du\u017enosti, zakon podrazumijeva postupke koji proisti\u010du iz du\u017enosti koju lice obavlja u Narodnoj skup\u0161tini ili Vije\u0107u Naroda, odnosno koju lice obavlja na funkciji predsjednika ili potpredsjednika Republike Srpske ili \u010dlana Vlade Republike Srpske.<\/p>\n\n\n\n<p>Pozivanje na imunitet ne smatra se op\u0161tom preprekom za krivi\u010dno gonjenje ili pokretanje parni\u010dnog postupka.<\/p>\n\n\n\n<p>Tako\u0111e, zakonom se propisuje da \u0107e, ukoliko u toku krivi\u010dnog ili parni\u010dnog postupka, lice na koje se odnosi ovaj zakon, pozove na svoj imunitet, isto pitanje biti rje\u0161eno kao prethodno pitanje pred Ustavnim sudom Republike Srpske.<\/p>\n\n\n\n<p>Ovaj zakon stupio je na snagu 8. maja 2024. godine.<\/p>\n\n\n\n<p>Autor: Milica Crni\u0107<\/p>\n\n\n\n<p>E-mail: <a href=\"mailto:cmilica@afsajic.com\">cmilica@afsajic.com<\/a><\/p>\n","protected":false},"excerpt":{"rendered":"<p>U \u201cSlu\u017ebenom glasniku RS\u201d broj 39 od 30. aprila 2024. godine objavljen je Zakon o imunitetu Republike Srpske. Ovaj zakon donesen je s ciljem&#8230;<\/p>\n","protected":false},"author":1,"featured_media":0,"comment_status":"closed","ping_status":"open","sticky":false,"template":"","format":"standard","meta":[],"categories":[73,77,113],"tags":[],"_links":{"self":[{"href":"https:\/\/advokatskafirmasajic.com\/blog\/wp-json\/wp\/v2\/posts\/1414"}],"collection":[{"href":"https:\/\/advokatskafirmasajic.com\/blog\/wp-json\/wp\/v2\/posts"}],"about":[{"href":"https:\/\/advokatskafirmasajic.com\/blog\/wp-json\/wp\/v2\/types\/post"}],"author":[{"embeddable":true,"href":"https:\/\/advokatskafirmasajic.com\/blog\/wp-json\/wp\/v2\/users\/1"}],"replies":[{"embeddable":true,"href":"https:\/\/advokatskafirmasajic.com\/blog\/wp-json\/wp\/v2\/comments?post=1414"}],"version-history":[{"count":1,"href":"https:\/\/advokatskafirmasajic.com\/blog\/wp-json\/wp\/v2\/posts\/1414\/revisions"}],"predecessor-version":[{"id":1415,"href":"https:\/\/advokatskafirmasajic.com\/blog\/wp-json\/wp\/v2\/posts\/1414\/revisions\/1415"}],"wp:attachment":[{"href":"https:\/\/advokatskafirmasajic.com\/blog\/wp-json\/wp\/v2\/media?parent=1414"}],"wp:term":[{"taxonomy":"category","embeddable":true,"href":"https:\/\/advokatskafirmasajic.com\/blog\/wp-json\/wp\/v2\/categories?post=1414"},{"taxonomy":"post_tag","embeddable":true,"href":"https:\/\/advokatskafirmasajic.com\/blog\/wp-json\/wp\/v2\/tags?post=1414"}],"curies":[{"name":"wp","href":"https:\/\/api.w.org\/{rel}","templated":true}]}}